{"id":128,"count":1,"description":"Vestes : protection et s\u00e9curit\u00e9 dans des conditions difficiles\r\nLes vestes pour l'industrie technique sont fabriqu\u00e9es \u00e0 partir de mat\u00e9riaux renforc\u00e9s pour garantir la r\u00e9sistance \u00e0 l'usure et la protection contre les agents ext\u00e9rieurs. Elles sont id\u00e9ales pour les travaux sp\u00e9cialis\u00e9s n\u00e9cessitant mobilit\u00e9 et chaleur.","link":"https:\/\/combi-pro.com\/fr\/categorie-de-produits-2\/vetements-professionnels\/industrie-technique\/vestes-industrie-technique\/","name":"Vestes","slug":"vestes-industrie-technique","taxonomy":"product_cat","parent":68,"meta":[],"menu_order":0,"_links":{"self":[{"href":"https:\/\/combi-pro.com\/fr\/wp-json\/wp\/v2\/product_cat\/128","targetHints":{"allow":["GET"]}}],"collection":[{"href":"https:\/\/combi-pro.com\/fr\/wp-json\/wp\/v2\/product_cat"}],"about":[{"href":"https:\/\/combi-pro.com\/fr\/wp-json\/wp\/v2\/taxonomies\/product_cat"}],"up":[{"embeddable":true,"href":"https:\/\/combi-pro.com\/fr\/wp-json\/wp\/v2\/product_cat\/68"}],"wp:post_type":[{"href":"https:\/\/combi-pro.com\/fr\/wp-json\/wp\/v2\/product?product_cat=128"}],"curies":[{"name":"wp","href":"https:\/\/api.w.org\/{rel}","templated":true}]}}